{"id":1158,"date":"2019-08-22T19:34:43","date_gmt":"2019-08-22T18:34:43","guid":{"rendered":"https:\/\/www.filmkoopwien.at\/?p=1158"},"modified":"2021-10-14T22:07:19","modified_gmt":"2021-10-14T21:07:19","slug":"10-jahre-dotdotdot-open-air-kurzfilmfestival-10-jahre-filmkoop-wien","status":"publish","type":"post","link":"https:\/\/www.filmkoopwien.at\/de\/10-jahre-dotdotdot-open-air-kurzfilmfestival-10-jahre-filmkoop-wien\/","title":{"rendered":"10 Jahre dotdotdot Open Air Kurzfilmfestival \/\/ 10 Jahre filmkoop wien"},"content":{"rendered":"<div dir=\"ltr\">\n<div dir=\"ltr\">\n<div>\n<p><a href=\"https:\/\/www.filmkoopwien.at\/wp-content\/uploads\/2019\/08\/concrete-ghosts_markus-maicher.jpg\"><img loading=\"lazy\" decoding=\"async\" class=\"alignnone size-medium wp-image-1161\" src=\"https:\/\/www.filmkoopwien.at\/wp-content\/uploads\/2019\/08\/concrete-ghosts_markus-maicher-300x219.jpg\" alt=\"\" width=\"300\" height=\"219\" srcset=\"https:\/\/www.filmkoopwien.at\/wp-content\/uploads\/2019\/08\/concrete-ghosts_markus-maicher-300x219.jpg 300w, https:\/\/www.filmkoopwien.at\/wp-content\/uploads\/2019\/08\/concrete-ghosts_markus-maicher-768x561.jpg 768w, https:\/\/www.filmkoopwien.at\/wp-content\/uploads\/2019\/08\/concrete-ghosts_markus-maicher-1024x747.jpg 1024w, https:\/\/www.filmkoopwien.at\/wp-content\/uploads\/2019\/08\/concrete-ghosts_markus-maicher.jpg 1477w\" sizes=\"(max-width: 300px) 100vw, 300px\" \/><\/a><\/p>\n<p>Zum Geburtstag eine herzliche Einladung zum Flanieren und Staunen an alle: Zu Fu\u00df erkunden wir gemeinsam historische und zeitgen\u00f6ssische Orte des Kinos in unserem Gr\u00e4tzl. Auch wenn es heute keines mehr gibt: Die Josefstadt hatte einst pr\u00e4chtige Lichtspieltheater und Kinos. Wir zeigen euch wo und lassen sie analog (Super8 bzw. 16mm) und digital im Licht zeitgen\u00f6ssischer Filmarbeiten der Mitglieder der <a href=\"https:\/\/www.facebook.com\/filmkoopwien\/\" target=\"_blank\" rel=\"noopener noreferrer\">filmkoop wien<\/a> erstrahlen.<\/p>\n<p>TREFFPUNKT<br \/>\n\u2022 \u2022 \u2022 \u2022 \u2022 \u2022 \u2022 \u2022 \u2022 \u2022 \u2022<br \/>\n<a href=\"https:\/\/www.facebook.com\/filmkoopwien\/\" target=\"_blank\" rel=\"noopener noreferrer\">filmkoop wien<\/a><br \/>\n8., Wickenburggasse 15\/Stiege 3 (Innenhof)<\/p>\n<\/div>\n<p>24. August 2019<\/p>\n<div>\n<p>Get-together &amp; Drinks ab 20:00 Uhr, um 20:30 Uhr brechen wir gemeinsam zum Kinospaziergang auf. Die Veranstaltung dauert bis ca. 22:00 Uhr und f\u00fchrt uns zu Fu\u00df an verschiedene Orte in der Josefstadt.<\/p>\n<p>Teilnahme kostenlos, keine Anmeldung erforderlich.<\/p>\n<p>ERSATZTERMIN<br \/>\n\u2022 \u2022 \u2022 \u2022 \u2022 \u2022 \u2022 \u2022 \u2022 \u2022 \u2022 \u2022 \u2022<br \/>\nIm Fall von Schlechtwetter findet der Kinospaziergang eine Woche sp\u00e4ter statt: Samstag, 31.8. um 20:30 Uhr. Updates werden rechtzeitig hier im Facebook-Event sowie auf der Website ver\u00f6ffentlicht.<\/p>\n<p>\u2022 \u2022 \u2022<br \/>\n<a href=\"https:\/\/www.facebook.com\/dotdotdot.film.festival\/\" target=\"_blank\" rel=\"noopener noreferrer\">dotdotdot<\/a><br \/>\n10 Jahre Open Air Kurzfilmfestival<br \/>\n31.7. \u2013 30.8.2019<br \/>\n<a href=\"https:\/\/l.facebook.com\/l.php?u=http%3A%2F%2Fdotdotdot.at%2F%3Ffbclid%3DIwAR0Mf_K0zywwbdDPXIRpC-uESb7YkJKxk0I3olsNSmWb_s4xaomN1GARIEE&amp;h=AT3YEKrZYdBZxbnnwiE7IzPhYjiGsDbN1eSt58Cq9bT2w4a60fkMiUEn63gB605UHBWTdZJcJUtiC8QE3QjrOpRB51PpvvLxGSdr-jxiwlaRZMEtVFvomggjGNA65OdzRTBgg_g\" target=\"_blank\" rel=\"noopener noreferrer\">http:\/\/dotdotdot.at\/<\/a><\/p>\n<\/div>\n<p>&nbsp;<\/p>\n<p>FILMPROGRAMM<\/p>\n<p>\u25ba CONCRETE GHOSTS \u2022 Markus Maicher \u2022 AT 2016 \u2022 16mm \u2022 5:42 min<br \/>\n\u25ba GARTENGASSE 5 \u2022 Alina Tretinjak \u2022 AT 2013 \u2022 16mm \u2022 2:15 min<br \/>\n\u25ba HASENH\u00dcGEL \u2022 Sarah Binder \u2022 AT 2016 \u2022 Super8 \u2022 3:19 min<br \/>\n\u25ba NO GRANDE NAVI \u2022 Binta Diallo \u2022 AT 2019 \u2022 Super8 \u2022 3:28 min<br \/>\n\u25ba P.A.H. \u2022 Raphael Reichl \u2022 AT 2019 \u2022 16mm \u2022 ~1 min<br \/>\n\u25ba PASETTI \u2022 Rosa John \u2022 AT 2010 \u2022 Super8, 6 min<br \/>\n\u25ba SIE SPRACHEN VON EINER BEWEGUNG \u2022 Stefanie Weberhofer \u2022 AT 2019 \u2022 Super8 \u2022 4:36 min<br \/>\n\u25ba STRICHPUNKT \u2022 Manuel G\u00f6tz \u2022 AT 2019 \u2022 16mm on video \u2022 16 min<br \/>\n\u25ba THE ELUSIVE HORIZON \u2022 Masha Godovannaya \u2022 AT 2013\/2014 \u2022 16mm on video \u2022 12 min<br \/>\n\u25ba THE WOODS AND THE HILLS \u2022 Milena Wuketich \u2022 AT 2019 \u2022 Super 8 \u2022 3:20 min<\/p>\n<\/div>\n<\/div>\n<p>Image: Still aus &#8222;Concrete Ghosts&#8220; Markus Maicher<\/p>\n","protected":false},"excerpt":{"rendered":"<p>Zum Geburtstag eine herzliche Einladung zum Flanieren und Staunen an alle: Zu Fu\u00df erkunden wir gemeinsam historische und zeitgen\u00f6ssische Orte des Kinos in unserem Gr\u00e4tzl. Auch wenn es heute keines mehr gibt: Die Josefstadt hatte einst pr\u00e4chtige Lichtspieltheater und Kinos. Wir zeigen euch wo und [&hellip;]<\/p>\n","protected":false},"author":1,"featured_media":1161,"comment_status":"closed","ping_status":"closed","sticky":false,"template":"","format":"standard","meta":{"footnotes":""},"categories":[4,7,74,8],"tags":[],"_links":{"self":[{"href":"https:\/\/www.filmkoopwien.at\/de\/wp-json\/wp\/v2\/posts\/1158"}],"collection":[{"href":"https:\/\/www.filmkoopwien.at\/de\/wp-json\/wp\/v2\/posts"}],"about":[{"href":"https:\/\/www.filmkoopwien.at\/de\/wp-json\/wp\/v2\/types\/post"}],"author":[{"embeddable":true,"href":"https:\/\/www.filmkoopwien.at\/de\/wp-json\/wp\/v2\/users\/1"}],"replies":[{"embeddable":true,"href":"https:\/\/www.filmkoopwien.at\/de\/wp-json\/wp\/v2\/comments?post=1158"}],"version-history":[{"count":6,"href":"https:\/\/www.filmkoopwien.at\/de\/wp-json\/wp\/v2\/posts\/1158\/revisions"}],"predecessor-version":[{"id":1165,"href":"https:\/\/www.filmkoopwien.at\/de\/wp-json\/wp\/v2\/posts\/1158\/revisions\/1165"}],"wp:featuredmedia":[{"embeddable":true,"href":"https:\/\/www.filmkoopwien.at\/de\/wp-json\/wp\/v2\/media\/1161"}],"wp:attachment":[{"href":"https:\/\/www.filmkoopwien.at\/de\/wp-json\/wp\/v2\/media?parent=1158"}],"wp:term":[{"taxonomy":"category","embeddable":true,"href":"https:\/\/www.filmkoopwien.at\/de\/wp-json\/wp\/v2\/categories?post=1158"},{"taxonomy":"post_tag","embeddable":true,"href":"https:\/\/www.filmkoopwien.at\/de\/wp-json\/wp\/v2\/tags?post=1158"}],"curies":[{"name":"wp","href":"https:\/\/api.w.org\/{rel}","templated":true}]}}