{"id":1632,"date":"2022-06-09T21:16:28","date_gmt":"2022-06-09T20:16:28","guid":{"rendered":"https:\/\/www.filmkoopwien.at\/?p=1632"},"modified":"2024-02-14T22:47:27","modified_gmt":"2024-02-14T21:47:27","slug":"dresdner-schmalfilmtage-2022","status":"publish","type":"post","link":"https:\/\/www.filmkoopwien.at\/de\/dresdner-schmalfilmtage-2022\/","title":{"rendered":"Dresdner Schmalfilmtage 2022"},"content":{"rendered":"<p class=\"qtranxs-available-languages-message qtranxs-available-languages-message-de\">(Dieser Inhalt ist nur auf Englisch verf\u00fcgbar)<\/p>\n<p><strong><a href=\"https:\/\/www.filmkoopwien.at\/wp-content\/uploads\/2022\/06\/drkrm_lang.jpg\"><img loading=\"lazy\" decoding=\"async\" class=\"alignnone size-medium wp-image-1633\" src=\"https:\/\/www.filmkoopwien.at\/wp-content\/uploads\/2022\/06\/drkrm_lang-300x59.jpg\" alt=\"\" width=\"300\" height=\"59\" srcset=\"https:\/\/www.filmkoopwien.at\/wp-content\/uploads\/2022\/06\/drkrm_lang-300x59.jpg 300w, https:\/\/www.filmkoopwien.at\/wp-content\/uploads\/2022\/06\/drkrm_lang.jpg 760w\" sizes=\"(max-width: 300px) 100vw, 300px\" \/><\/a><\/strong><\/p>\n<p><strong>FILM FESTIVAL<\/strong><br \/>\n<strong>Dresdner Schmalfilmtage 2022<\/strong><br \/>\n<strong>7. &#8211; 10. Juli 2022<\/strong><\/p>\n<p><strong>DRKRM &amp; friends at the 23rd Dresdner Schmalfilmtage.<\/strong><br \/>\nThe new independent film lab <strong>Dresden DRKRM<\/strong> invited friends from other labs to a joint film evening. The guests include members of <strong>Analogfilmwerke Hamburg<\/strong>, <strong>filmkoop wien<\/strong> as well as <strong>Oscar Weiss<\/strong>, who is currently setting up a new lab in Strasbourg.<\/p>\n<p>&nbsp;<\/p>\n<p><strong>Selection from the programme<\/strong><\/p>\n<p>&#8211; Ektadome, Laura Trager, 16mm, 2021, Analogfilmwerke Hamburg<br \/>\n&#8211; Portrait Landscape, Chris Gorski, 16mm, 2022, Analogfilmwerke Hamburg<br \/>\n&#8211; Visual Snow, Valentin Schmei\u00dfer, 16mm, 2020, Analogfilmwerke Hamburg<br \/>\n<strong>&#8211; Bl\u00e4tter im Herbst, Markus Maicher, 16mm, 2018, Filmkoop Wien<\/strong><br \/>\n<strong>&#8211; 1224, Raphael Reichl, 16mm, 2018, Filmkoop Wien<\/strong><br \/>\n<strong>&#8211; Hannibal ante portas, Alina Tretinjak, Super8, 2021, Filmkoop Wien<\/strong><br \/>\n<strong>&#8211; Tanz der Furien, Alina Tretinjak, 16mm, 2019, Filmkoop Wien<\/strong><br \/>\n<strong>&#8211; Marco Cavallo, Marina Rebhandl, Super8, 2019, Filmkoop Wien<\/strong><br \/>\n&#8211; Les films du d\u00e9s-appara\u00eetre &#8211; #1 &#8211; Mes cheuv&#8216; dans ta ******, Oscar Weiss, Super 8, 2018, Stra\u00dfburg<br \/>\n&#8211; Zwinger XPerience, Klaus Schreier, Super 8, 2020<br \/>\n&#8211; dort scheint immer die sonne, dort wird immer geblinzelt, Isabel Apel, 2021, DRKRM Dresden<br \/>\n&#8211; Pferderennen, Jan Nordsieck, 2019, DRKRM Dresden<\/p>\n<p><a href=\"https:\/\/schmalfilmtage.de\/en\/rueckblick\/glocal-emotions-1\/uebersicht-1\/saturday\/drkrm-and-friends\/\" target=\"_blank\" rel=\"noopener\" data-cke-saved-href=\"https:\/\/schmalfilmtage.de\/en\/rueckblick\/glocal-emotions-1\/uebersicht-1\/saturday\/drkrm-and-friends\/\">More Info<\/a><\/p>\n<p>&nbsp;<\/p>\n<p>Die Veranstaltung ist Teil unseres Jahresprogramms und wird gef\u00f6rdert durch das BMK\u00d6S.<\/p>\n<p><a href=\"https:\/\/www.filmkoopwien.at\/wp-content\/uploads\/2022\/07\/BMKOES_Logo_srgb.png\"><img loading=\"lazy\" decoding=\"async\" class=\"alignnone size-medium wp-image-1675\" src=\"https:\/\/www.filmkoopwien.at\/wp-content\/uploads\/2022\/07\/BMKOES_Logo_srgb-300x81.png\" alt=\"\" width=\"300\" height=\"81\" srcset=\"https:\/\/www.filmkoopwien.at\/wp-content\/uploads\/2022\/07\/BMKOES_Logo_srgb-300x81.png 300w, https:\/\/www.filmkoopwien.at\/wp-content\/uploads\/2022\/07\/BMKOES_Logo_srgb-1024x275.png 1024w, https:\/\/www.filmkoopwien.at\/wp-content\/uploads\/2022\/07\/BMKOES_Logo_srgb-768x206.png 768w, https:\/\/www.filmkoopwien.at\/wp-content\/uploads\/2022\/07\/BMKOES_Logo_srgb-1536x413.png 1536w, https:\/\/www.filmkoopwien.at\/wp-content\/uploads\/2022\/07\/BMKOES_Logo_srgb.png 1723w\" sizes=\"(max-width: 300px) 100vw, 300px\" \/><\/a><\/p>\n","protected":false},"excerpt":{"rendered":"<p>(Dieser Inhalt ist nur auf Englisch verf\u00fcgbar) FILM FESTIVAL Dresdner Schmalfilmtage 2022 7. &#8211; 10. Juli 2022 DRKRM &amp; friends at the 23rd Dresdner Schmalfilmtage. The new independent film lab Dresden DRKRM invited friends from other labs to a joint film evening. The guests include [&hellip;]<\/p>\n","protected":false},"author":2,"featured_media":1635,"comment_status":"closed","ping_status":"closed","sticky":false,"template":"","format":"standard","meta":{"footnotes":""},"categories":[3,8],"tags":[122,118,87,123],"_links":{"self":[{"href":"https:\/\/www.filmkoopwien.at\/de\/wp-json\/wp\/v2\/posts\/1632"}],"collection":[{"href":"https:\/\/www.filmkoopwien.at\/de\/wp-json\/wp\/v2\/posts"}],"about":[{"href":"https:\/\/www.filmkoopwien.at\/de\/wp-json\/wp\/v2\/types\/post"}],"author":[{"embeddable":true,"href":"https:\/\/www.filmkoopwien.at\/de\/wp-json\/wp\/v2\/users\/2"}],"replies":[{"embeddable":true,"href":"https:\/\/www.filmkoopwien.at\/de\/wp-json\/wp\/v2\/comments?post=1632"}],"version-history":[{"count":4,"href":"https:\/\/www.filmkoopwien.at\/de\/wp-json\/wp\/v2\/posts\/1632\/revisions"}],"predecessor-version":[{"id":2062,"href":"https:\/\/www.filmkoopwien.at\/de\/wp-json\/wp\/v2\/posts\/1632\/revisions\/2062"}],"wp:featuredmedia":[{"embeddable":true,"href":"https:\/\/www.filmkoopwien.at\/de\/wp-json\/wp\/v2\/media\/1635"}],"wp:attachment":[{"href":"https:\/\/www.filmkoopwien.at\/de\/wp-json\/wp\/v2\/media?parent=1632"}],"wp:term":[{"taxonomy":"category","embeddable":true,"href":"https:\/\/www.filmkoopwien.at\/de\/wp-json\/wp\/v2\/categories?post=1632"},{"taxonomy":"post_tag","embeddable":true,"href":"https:\/\/www.filmkoopwien.at\/de\/wp-json\/wp\/v2\/tags?post=1632"}],"curies":[{"name":"wp","href":"https:\/\/api.w.org\/{rel}","templated":true}]}}