{"id":225,"date":"2016-03-25T11:05:00","date_gmt":"2016-03-25T10:05:00","guid":{"rendered":"http:\/\/yeah.filmkoopwien.at\/uncategorized\/east-coast\/"},"modified":"2016-03-25T11:05:00","modified_gmt":"2016-03-25T10:05:00","slug":"east-coast","status":"publish","type":"post","link":"https:\/\/www.filmkoopwien.at\/de\/east-coast\/","title":{"rendered":"filmkoop wien goes East-Coast"},"content":{"rendered":"<div dir=\"ltr\" style=\"text-align: left;\">\n<div style=\"font-size: 16px; line-height: normal;\">\n<p><span style=\"font-family: Helvetica Neue, Arial, Helvetica, sans-serif;\">\u00a0<\/span><\/p>\n<div style=\"text-align: center;\">\n<div style=\"text-align: left;\"><span style=\"font-family: Helvetica Neue, Arial, Helvetica, sans-serif;\">Wir freuen uns sehr, diesen Fr\u00fchling einige unserer Filme in Kanada und den USA zu zeigen.<\/span><\/div>\n<\/div>\n<\/div>\n<div><span style=\"font-family: Helvetica Neue, Arial, Helvetica, sans-serif;\">\u00a0<\/span><\/div>\n<div><span style=\"font-family: Helvetica Neue, Arial, Helvetica, sans-serif;\">\u00a0<\/span><\/div>\n<div style=\"clear: both; text-align: left;\"><a style=\"margin-left: 1em; margin-right: 1em;\" href=\"https:\/\/3.bp.blogspot.com\/-As4ZsDB3KeE\/VvULdZC0HXI\/AAAAAAAAAqg\/NlTqr6ja5skW73ToRxFAVjmhjiZLtsIZA\/s1600\/header_event2.jpg\"><span style=\"font-family: Helvetica Neue, Arial, Helvetica, sans-serif;\"><img loading=\"lazy\" decoding=\"async\" src=\"http:\/\/yeah.filmkoopwien.at\/wp-content\/uploads\/2016\/03\/header_event2-300x113.jpg\" width=\"640\" height=\"240\" border=\"0\" \/><\/span><\/a><\/div>\n<div style=\"font-size: 10px; line-height: normal; text-align: center;\"><span style=\"font-family: Helvetica Neue, Arial, Helvetica, sans-serif;\">\u00a0<\/span><\/div>\n<div style=\"font-size: 10px; line-height: normal; text-align: center;\"><span style=\"font-family: Helvetica Neue, Arial, Helvetica, sans-serif;\">Filmkoop Wien-Trailer von Stefanie Weberhofer\u00a0<\/span><\/div>\n<div><span style=\"font-family: Helvetica Neue, Arial, Helvetica, sans-serif;\">\u00a0<\/span><\/div>\n<div><span style=\"font-family: Helvetica Neue, Arial, Helvetica, sans-serif; font-size: 16px;\">Im Rahmen des 2. Ibrida*Pluri Festivals in Montr\u00e9al pr\u00e4sentieren wir gemeinsam mit dem Kollektiv Groop*Index ein Programm innovativer Kurzfilme. Dabei steht die Verwendung experimentellen Film-Techniken im Vordergrund.<\/span><\/div>\n<div style=\"font-size: 16px; line-height: normal;\"><span style=\"font-family: Helvetica Neue, Arial, Helvetica, sans-serif;\"><span style=\"font-family: 'helvetica neue' , 'arial' , 'helvetica' , sans-serif;\"><br \/>\n<\/span><b><span style=\"font-family: 'helvetica neue' , 'arial' , 'helvetica' , sans-serif;\">21. April 2016 &#8211; Ibrida*Pluri Festival, Montr\u00e9al<\/span><\/b><\/span><\/div>\n<div style=\"font-size: 16px; line-height: normal; min-height: 19px;\"><span style=\"font-family: Helvetica Neue, Arial, Helvetica, sans-serif;\">\u00a0<\/span><\/div>\n<div style=\"font-size: 16px; line-height: normal;\"><span style=\"font-family: Helvetica Neue, Arial, Helvetica, sans-serif;\">Untitled &#8211; Antoinette Zwirchmayr<\/span><\/div>\n<p><span style=\"font-family: Helvetica Neue, Arial, Helvetica, sans-serif; font-size: 16px;\">House and Universe &#8211; Antoinette Zwirchmayr<\/span><\/p>\n<div style=\"line-height: normal;\">\n<div style=\"font-size: 16px;\"><span style=\"font-family: Helvetica Neue, Arial, Helvetica, sans-serif;\">Pasetti &#8211; Rosa John<\/span><\/div>\n<div style=\"font-size: 16px;\"><span style=\"font-family: Helvetica Neue, Arial, Helvetica, sans-serif;\">Des Films Ende &#8211; Sybille Bauer<\/span><\/div>\n<div style=\"font-size: 16px;\"><span style=\"font-family: Helvetica Neue, Arial, Helvetica, sans-serif;\">Very personal point of view &#8211; Alina Tretinjak<\/span><\/div>\n<div style=\"font-size: 16px;\"><span style=\"font-family: Helvetica Neue, Arial, Helvetica, sans-serif;\">Take me to Pemberley &#8211; Daniela Zahlner<\/span><\/div>\n<div style=\"font-size: 16px;\"><span style=\"font-family: Helvetica Neue, Arial, Helvetica, sans-serif;\">It&#8217;s a dance &#8211; Viktoria Schmid<\/span><\/div>\n<div style=\"font-size: 16px;\"><span style=\"font-family: Helvetica Neue, Arial, Helvetica, sans-serif;\">Pushing it &#8211; Renato Unterberg &#8211; Stefanie Weberhofer &amp; Renato Unterberg<\/span><\/div>\n<div style=\"font-size: 16px;\"><span style=\"font-family: Helvetica Neue, Arial, Helvetica, sans-serif;\">Aufgel\u00f6st &#8211; Stefanie Weberhofer<\/span><\/div>\n<div style=\"font-size: 16px;\"><span style=\"font-family: Helvetica Neue, Arial, Helvetica, sans-serif;\">Chapeau! &#8211; Guillermo Tellechea<\/span><\/div>\n<div style=\"font-size: 16px;\"><span style=\"font-family: Helvetica Neue, Arial, Helvetica, sans-serif;\">\u00a0<\/span><\/div>\n<p><a style=\"font-size: 12px;\" href=\"https:\/\/it-it.facebook.com\/events\/769475956515635\/\"><span style=\"font-family: Helvetica Neue, Arial, Helvetica, sans-serif;\">https:\/\/it-it.facebook.com\/events\/769475956515635\/<\/span><\/a><br \/>\n<span style=\"color: #999999; font-family: Helvetica Neue, Arial, Helvetica, sans-serif; line-height: normal;\"><a href=\"http:\/\/www.groopindex.com\/\">http:\/\/www.groopindex.com\/<\/a><\/span><\/p>\n<\/div>\n<div style=\"font-size: 16px; line-height: normal;\"><span style=\"font-family: Helvetica Neue, Arial, Helvetica, sans-serif;\">\u00a0<\/span><\/div>\n<div style=\"font-size: 16px; line-height: normal;\"><span style=\"font-family: Helvetica Neue, Arial, Helvetica, sans-serif;\">\u00a0<\/span><\/div>\n<div style=\"clear: both; text-align: center;\"><a style=\"margin-left: 1em; margin-right: 1em;\" href=\"https:\/\/4.bp.blogspot.com\/-MWoNg-IsVeE\/VvULkSccoFI\/AAAAAAAAAqk\/oNZ73Hfki0U1AwrUeKaM1AJPu1Ss6ANyQ\/s1600\/CeL4EZDVIAAgFPC.jpg-large.jpg\"><span style=\"font-family: Helvetica Neue, Arial, Helvetica, sans-serif;\"><img loading=\"lazy\" decoding=\"async\" src=\"http:\/\/yeah.filmkoopwien.at\/wp-content\/uploads\/2016\/03\/CeL4EZDVIAAgFPC.jpg-large-300x201.jpg\" width=\"320\" height=\"213\" border=\"0\" \/><\/span><\/a><\/div>\n<div style=\"font-size: 16px; line-height: normal;\"><span style=\"font-family: Helvetica Neue, Arial, Helvetica, sans-serif;\">\u00a0<\/span><\/div>\n<div style=\"font-size: 16px; line-height: normal; text-align: justify;\"><span style=\"font-family: Helvetica Neue, Arial, Helvetica, sans-serif;\">Auf Einladung der kanadischen Filmemacherin Madi Piller zeigen wir ausgew\u00e4hlte Arbeiten im CineCycle, Toronto.Das Programm gibt einen \u00dcberblick \u00fcber das aktuelle, analoge Filmschaffen junger, \u00f6sterreichischer Avant-Garde-Filmemacherinnen. In Kooperation mit MONO NO AWARE wird eine weitere Vorf\u00fchrung des Programms in New York stattfinden.\u00a0<\/span><\/div>\n<div style=\"font-size: 16px; line-height: normal; min-height: 19px;\"><span style=\"font-family: Helvetica Neue, Arial, Helvetica, sans-serif;\">\u00a0<\/span><\/div>\n<div style=\"font-size: 16px; line-height: normal; min-height: 19px;\"><span style=\"font-family: Helvetica Neue, Arial, Helvetica, sans-serif;\">\u00a0<\/span><\/div>\n<div style=\"font-size: 16px; line-height: normal;\"><b><span style=\"font-family: Helvetica Neue, Arial, Helvetica, sans-serif;\">27. April 2016 &#8211; &#8222;Young Austrian Avant-Garde Film&#8220; CineCylce, Toronto<\/span><\/b><br \/>\n<b><span style=\"font-family: Helvetica Neue, Arial, Helvetica, sans-serif;\"><br \/>\n<\/span><\/b><\/div>\n<div style=\"font-size: 16px; line-height: normal;\"><b><span style=\"font-family: Helvetica Neue, Arial, Helvetica, sans-serif;\">2. Mai 2016 &#8211; &#8222;Young Austrian Avant-Garde Film&#8220; MONO NO AWARE, New York City<\/span><\/b><\/div>\n<div style=\"color: #551a8b; font-size: 16px; line-height: normal; min-height: 19px;\"><\/div>\n<div style=\"line-height: normal;\">\n<div style=\"font-size: 16px;\"><span style=\"font-family: Helvetica Neue, Arial, Helvetica, sans-serif;\">Golan &#8211; Viktoria Schmid<\/span><\/div>\n<div style=\"font-size: 16px;\"><span style=\"font-family: Helvetica Neue, Arial, Helvetica, sans-serif;\">Water from Grain &#8211; Josephine Ahnelt<\/span><\/div>\n<div style=\"font-size: 16px;\"><span style=\"font-family: Helvetica Neue, Arial, Helvetica, sans-serif;\">Untitled &#8211; Antoinette Zwirchmayr<\/span><\/div>\n<div style=\"font-size: 16px;\"><span style=\"font-family: Helvetica Neue, Arial, Helvetica, sans-serif;\">Apanhar Laranjas \/ Picking Oranges &#8211; S\u00edlvia das Fadas<\/span><\/div>\n<div style=\"font-size: 16px;\"><span style=\"font-family: Helvetica Neue, Arial, Helvetica, sans-serif;\">Handmade &#8211; Magdalena Pfeifer<\/span><\/div>\n<div style=\"font-size: 16px;\"><span style=\"font-family: Helvetica Neue, Arial, Helvetica, sans-serif;\">Cin\u00e9matographe &#8211; Rosa John<\/span><\/div>\n<div style=\"font-size: 16px;\"><span style=\"font-family: Helvetica Neue, Arial, Helvetica, sans-serif;\">Wortgefecht &#8211; Magdalena Pfeifer<\/span><\/div>\n<div style=\"font-size: 16px;\"><span style=\"font-family: Helvetica Neue, Arial, Helvetica, sans-serif;\">Ferragosto &#8211; Alina Tretinjak<\/span><\/div>\n<div style=\"font-size: 16px;\"><span style=\"font-family: Helvetica Neue, Arial, Helvetica, sans-serif;\">Look how beautiful the light moves &#8211; Stefanie Weberhofer<\/span><\/div>\n<div style=\"font-size: 16px;\"><span style=\"font-family: Helvetica Neue, Arial, Helvetica, sans-serif;\">The Pimp and his Trophies &#8211; Antoinette Zwirchmayr<\/span><\/div>\n<div style=\"font-size: 16px;\"><span style=\"font-family: Helvetica Neue, Arial, Helvetica, sans-serif;\"><span style=\"font-size: 16px;\"><br \/>\n<\/span><a href=\"http:\/\/www.madipiller.com\/\"><span style=\"color: #999999; font-size: x-small; line-height: normal;\">http:\/\/www.madipiller.com\/<\/span><\/a><\/span><\/div>\n<div style=\"font-size: 16px;\">\n<p><a href=\"https:\/\/www.facebook.com\/events\/597261210431812\/\"><span style=\"color: #999999; font-family: Helvetica Neue, Arial, Helvetica, sans-serif; font-size: x-small;\">https:\/\/www.facebook.com\/events\/597261210431812\/<\/span><\/a><\/p>\n<div style=\"color: #919191; line-height: normal;\"><span style=\"font-family: Helvetica Neue, Arial, Helvetica, sans-serif; font-size: x-small;\">http:\/\/www.super8porter.ca\/CineCycle.htm<\/span><\/div>\n<div><span style=\"font-family: Helvetica Neue, Arial, Helvetica, sans-serif; font-size: x-small;\">\u00a0<\/span><\/div>\n<\/div>\n<div style=\"font-size: 16px;\"><\/div>\n<div style=\"font-size: 16px;\"><span style=\"color: #999999; font-family: Helvetica Neue, Arial, Helvetica, sans-serif; font-size: x-small;\">\u00a0<\/span><\/div>\n<div style=\"text-align: left;\"><a style=\"font-family: Helvetica;\" href=\"https:\/\/www.facebook.com\/events\/208325469527982\/\"><span style=\"color: #999999; font-family: Helvetica Neue, Arial, Helvetica, sans-serif; font-size: x-small;\">https:\/\/www.facebook.com\/events\/208325469527982\/<\/span><\/a><\/div>\n<p><a style=\"font-family: Helvetica;\" href=\"http:\/\/mononoawarefilm.com\/special-engagements\/connectivity-through-cinema-young-austrian-avant-garde\/\"><span style=\"color: #999999; font-family: Helvetica Neue, Arial, Helvetica, sans-serif; font-size: x-small;\">http:\/\/mononoawarefilm.com\/special-engagements\/connectivity-through-cinema-young-austrian-avant-garde\/<\/span><\/a><\/p>\n<\/div>\n<\/div>\n","protected":false},"excerpt":{"rendered":"<p>\u00a0 Wir freuen uns sehr, diesen Fr\u00fchling einige unserer Filme in Kanada und den USA zu zeigen. \u00a0 \u00a0 \u00a0 Filmkoop Wien-Trailer von Stefanie Weberhofer\u00a0 \u00a0 Im Rahmen des 2. Ibrida*Pluri Festivals in Montr\u00e9al pr\u00e4sentieren wir gemeinsam mit dem Kollektiv Groop*Index ein Programm innovativer Kurzfilme. [&hellip;]<\/p>\n","protected":false},"author":2,"featured_media":351,"comment_status":"closed","ping_status":"closed","sticky":false,"template":"","format":"standard","meta":{"footnotes":""},"categories":[8],"tags":[],"_links":{"self":[{"href":"https:\/\/www.filmkoopwien.at\/de\/wp-json\/wp\/v2\/posts\/225"}],"collection":[{"href":"https:\/\/www.filmkoopwien.at\/de\/wp-json\/wp\/v2\/posts"}],"about":[{"href":"https:\/\/www.filmkoopwien.at\/de\/wp-json\/wp\/v2\/types\/post"}],"author":[{"embeddable":true,"href":"https:\/\/www.filmkoopwien.at\/de\/wp-json\/wp\/v2\/users\/2"}],"replies":[{"embeddable":true,"href":"https:\/\/www.filmkoopwien.at\/de\/wp-json\/wp\/v2\/comments?post=225"}],"version-history":[{"count":0,"href":"https:\/\/www.filmkoopwien.at\/de\/wp-json\/wp\/v2\/posts\/225\/revisions"}],"wp:featuredmedia":[{"embeddable":true,"href":"https:\/\/www.filmkoopwien.at\/de\/wp-json\/wp\/v2\/media\/351"}],"wp:attachment":[{"href":"https:\/\/www.filmkoopwien.at\/de\/wp-json\/wp\/v2\/media?parent=225"}],"wp:term":[{"taxonomy":"category","embeddable":true,"href":"https:\/\/www.filmkoopwien.at\/de\/wp-json\/wp\/v2\/categories?post=225"},{"taxonomy":"post_tag","embeddable":true,"href":"https:\/\/www.filmkoopwien.at\/de\/wp-json\/wp\/v2\/tags?post=225"}],"curies":[{"name":"wp","href":"https:\/\/api.w.org\/{rel}","templated":true}]}}