{"id":2916,"date":"2026-02-16T19:30:13","date_gmt":"2026-02-16T18:30:13","guid":{"rendered":"https:\/\/www.filmkoopwien.at\/?p=2916"},"modified":"2026-03-10T14:04:29","modified_gmt":"2026-03-10T13:04:29","slug":"rejected-films","status":"publish","type":"post","link":"https:\/\/www.filmkoopwien.at\/de\/rejected-films\/","title":{"rendered":"Rejected Films"},"content":{"rendered":"<p><strong>| 05.03.2026 | 19:30 |<\/strong><\/p>\n<p><a href=\"https:\/\/www.filmkoopwien.at\/wp-content\/uploads\/2026\/02\/rejected-films_2-scaled.jpg\"><img loading=\"lazy\" decoding=\"async\" class=\"alignnone size-full wp-image-2957\" src=\"https:\/\/www.filmkoopwien.at\/wp-content\/uploads\/2026\/02\/rejected-films_2-scaled.jpg\" alt=\"\" width=\"1810\" height=\"2560\" srcset=\"https:\/\/www.filmkoopwien.at\/wp-content\/uploads\/2026\/02\/rejected-films_2-scaled.jpg 1810w, https:\/\/www.filmkoopwien.at\/wp-content\/uploads\/2026\/02\/rejected-films_2-212x300.jpg 212w, https:\/\/www.filmkoopwien.at\/wp-content\/uploads\/2026\/02\/rejected-films_2-724x1024.jpg 724w, https:\/\/www.filmkoopwien.at\/wp-content\/uploads\/2026\/02\/rejected-films_2-768x1086.jpg 768w, https:\/\/www.filmkoopwien.at\/wp-content\/uploads\/2026\/02\/rejected-films_2-1086x1536.jpg 1086w, https:\/\/www.filmkoopwien.at\/wp-content\/uploads\/2026\/02\/rejected-films_2-1448x2048.jpg 1448w\" sizes=\"(max-width: 1810px) 100vw, 1810px\" \/><\/a><\/p>\n<p>Wie k\u00f6nnen wir einen konstruktiven Umgang mit Ablehnung finden, die wir vermutlich alle immer wieder erleben?<br \/>\nWas macht sie mit uns? Und sagt sie tats\u00e4chlich etwas \u00fcber die Qualit\u00e4t unserer Arbeit aus?<br \/>\n<strong>Nein.<\/strong><\/p>\n<p>In einer Screeningreihe zeigen wir Filme, die bisher nirgendwo gezeigt wurden. Die immer wieder abgelehnt wurden, aber deshalb nicht schlechter sind.<br \/>\nWir m\u00f6chten zeigen, dass es allen so geht und uns gegen Festival-\u00d6konomien und Marktmechanismen stellen.<br \/>\nWir m\u00f6chten Filmen eine Plattform geben, die sonst nirgends so richtig hineinzupassen scheinen.<\/p>\n<p>Im Dezember 2025 haben wir in einem <a href=\"https:\/\/rejectedfilms.neocities.org\/\">Open Call<\/a> dazu aufgerufen, genau solche Filme einzureichen.<br \/>\nEs gab insgesamt 19 Einreichungen aus Wien, Frankreich, D\u00e4nemark, Bangalore, Mallorca und Washington DC.<br \/>\n<strong>Alle eingereichten Filme werden gezeigt.<\/strong><\/p>\n<p>19.02.2026 | 19:30 | Celeste Wien<br \/>\n<strong>05.03.2026 | 19:30 | filmkoop Wien<\/strong><br \/>\n26.03.2026 | 19:30 | SAE Wien<\/p>\n<p>&nbsp;<\/p>\n<p>Meistens sehen wir nur, was bei anderen alles gut l\u00e4uft, und feiern unsere Erfolge. Hier geht es ums Scheitern, Nicht-Passen und Drau\u00dfen-Sein, weil Ablehnung keine Ausnahme ist, sondern die Regel.<\/p>\n<p>Darin liegt eine stille Solidarit\u00e4t und vielleicht sogar eine Form des Widerstands gegen die \u00d6konomie der Sichtbarkeit und f\u00fcr das Recht auf Unangepasstheit.<\/p>\n<p data-start=\"774\" data-end=\"933\"><strong>Donnerstag, 05. M\u00e4rz 2026 | 19:30 Uhr<br \/>\n<\/strong>filmkoop wien<br \/>\nKom\u00f6diengasse 8<br \/>\n1020 Wien<\/p>\n<p><strong data-start=\"1019\" data-end=\"1028\">Eintritt: Freie Spende<\/strong><\/p>\n<p>&nbsp;<\/p>\n<p>Die Veranstaltung ist Teil unseres Jahresprogramms und wird gef\u00f6rdert durch die Kulturabteilung der Stadt Wien (MA7), das BMWKMS und den Bezirk Leopoldstadt.<br \/>\n<a href=\"https:\/\/www.filmkoopwien.at\/wp-content\/uploads\/2022\/07\/Stadt_Wien_Kultur_pos_rgb.jpg\"><img loading=\"lazy\" decoding=\"async\" class=\"alignnone size-medium wp-image-1674\" src=\"https:\/\/www.filmkoopwien.at\/wp-content\/uploads\/2022\/07\/Stadt_Wien_Kultur_pos_rgb-300x86.jpg\" alt=\"\" width=\"300\" height=\"86\" srcset=\"https:\/\/www.filmkoopwien.at\/wp-content\/uploads\/2022\/07\/Stadt_Wien_Kultur_pos_rgb-300x86.jpg 300w, https:\/\/www.filmkoopwien.at\/wp-content\/uploads\/2022\/07\/Stadt_Wien_Kultur_pos_rgb-1024x294.jpg 1024w, https:\/\/www.filmkoopwien.at\/wp-content\/uploads\/2022\/07\/Stadt_Wien_Kultur_pos_rgb-768x220.jpg 768w, https:\/\/www.filmkoopwien.at\/wp-content\/uploads\/2022\/07\/Stadt_Wien_Kultur_pos_rgb-1536x441.jpg 1536w, https:\/\/www.filmkoopwien.at\/wp-content\/uploads\/2022\/07\/Stadt_Wien_Kultur_pos_rgb.jpg 1722w\" sizes=\"(max-width: 300px) 100vw, 300px\" \/><\/a><a href=\"https:\/\/www.filmkoopwien.at\/wp-content\/uploads\/2024\/10\/BMWKMS_Logo_srgb.png\"> <img loading=\"lazy\" decoding=\"async\" class=\"alignnone size-medium wp-image-2619\" src=\"https:\/\/www.filmkoopwien.at\/wp-content\/uploads\/2024\/10\/BMWKMS_Logo_srgb-300x98.png\" alt=\"\" width=\"300\" height=\"98\" srcset=\"https:\/\/www.filmkoopwien.at\/wp-content\/uploads\/2024\/10\/BMWKMS_Logo_srgb-300x98.png 300w, https:\/\/www.filmkoopwien.at\/wp-content\/uploads\/2024\/10\/BMWKMS_Logo_srgb-1024x333.png 1024w, https:\/\/www.filmkoopwien.at\/wp-content\/uploads\/2024\/10\/BMWKMS_Logo_srgb-768x250.png 768w, https:\/\/www.filmkoopwien.at\/wp-content\/uploads\/2024\/10\/BMWKMS_Logo_srgb.png 1423w\" sizes=\"(max-width: 300px) 100vw, 300px\" \/><\/a><a href=\"https:\/\/www.filmkoopwien.at\/wp-content\/uploads\/2025\/03\/logo-175-jahre-freigestellt.png\"><img loading=\"lazy\" decoding=\"async\" class=\"alignnone wp-image-2473 size-thumbnail\" src=\"https:\/\/www.filmkoopwien.at\/wp-content\/uploads\/2025\/03\/logo-175-jahre-freigestellt-150x150.png\" alt=\"\" width=\"150\" height=\"150\" srcset=\"https:\/\/www.filmkoopwien.at\/wp-content\/uploads\/2025\/03\/logo-175-jahre-freigestellt-150x150.png 150w, https:\/\/www.filmkoopwien.at\/wp-content\/uploads\/2025\/03\/logo-175-jahre-freigestellt-300x300.png 300w, https:\/\/www.filmkoopwien.at\/wp-content\/uploads\/2025\/03\/logo-175-jahre-freigestellt-1024x1024.png 1024w, https:\/\/www.filmkoopwien.at\/wp-content\/uploads\/2025\/03\/logo-175-jahre-freigestellt-768x768.png 768w, https:\/\/www.filmkoopwien.at\/wp-content\/uploads\/2025\/03\/logo-175-jahre-freigestellt-540x540.png 540w, https:\/\/www.filmkoopwien.at\/wp-content\/uploads\/2025\/03\/logo-175-jahre-freigestellt.png 1250w\" sizes=\"(max-width: 150px) 100vw, 150px\" \/><\/a><\/p>\n<p>&nbsp;<\/p>\n","protected":false},"excerpt":{"rendered":"<p>| 05.03.2026 | 19:30 | Wie k\u00f6nnen wir einen konstruktiven Umgang mit Ablehnung finden, die wir vermutlich alle immer wieder erleben? Was macht sie mit uns? Und sagt sie tats\u00e4chlich etwas \u00fcber die Qualit\u00e4t unserer Arbeit aus? Nein. In einer Screeningreihe zeigen wir Filme, die [&hellip;]<\/p>\n","protected":false},"author":7,"featured_media":2932,"comment_status":"closed","ping_status":"closed","sticky":false,"template":"","format":"standard","meta":{"footnotes":""},"categories":[8],"tags":[],"_links":{"self":[{"href":"https:\/\/www.filmkoopwien.at\/de\/wp-json\/wp\/v2\/posts\/2916"}],"collection":[{"href":"https:\/\/www.filmkoopwien.at\/de\/wp-json\/wp\/v2\/posts"}],"about":[{"href":"https:\/\/www.filmkoopwien.at\/de\/wp-json\/wp\/v2\/types\/post"}],"author":[{"embeddable":true,"href":"https:\/\/www.filmkoopwien.at\/de\/wp-json\/wp\/v2\/users\/7"}],"replies":[{"embeddable":true,"href":"https:\/\/www.filmkoopwien.at\/de\/wp-json\/wp\/v2\/comments?post=2916"}],"version-history":[{"count":12,"href":"https:\/\/www.filmkoopwien.at\/de\/wp-json\/wp\/v2\/posts\/2916\/revisions"}],"predecessor-version":[{"id":2959,"href":"https:\/\/www.filmkoopwien.at\/de\/wp-json\/wp\/v2\/posts\/2916\/revisions\/2959"}],"wp:featuredmedia":[{"embeddable":true,"href":"https:\/\/www.filmkoopwien.at\/de\/wp-json\/wp\/v2\/media\/2932"}],"wp:attachment":[{"href":"https:\/\/www.filmkoopwien.at\/de\/wp-json\/wp\/v2\/media?parent=2916"}],"wp:term":[{"taxonomy":"category","embeddable":true,"href":"https:\/\/www.filmkoopwien.at\/de\/wp-json\/wp\/v2\/categories?post=2916"},{"taxonomy":"post_tag","embeddable":true,"href":"https:\/\/www.filmkoopwien.at\/de\/wp-json\/wp\/v2\/tags?post=2916"}],"curies":[{"name":"wp","href":"https:\/\/api.w.org\/{rel}","templated":true}]}}